{"id":2010,"date":"2026-04-27T23:12:49","date_gmt":"2026-04-27T21:12:49","guid":{"rendered":"https:\/\/desyeuxdesoreilles.com\/?p=2010"},"modified":"2026-04-27T23:12:57","modified_gmt":"2026-04-27T21:12:57","slug":"meuble-connecte","status":"publish","type":"post","link":"https:\/\/desyeuxdesoreilles.com\/index.php\/2026\/04\/27\/meuble-connecte\/","title":{"rendered":"meuble connect\u00e9"},"content":{"rendered":"\n<figure class=\"wp-block-image size-large\"><img loading=\"lazy\" decoding=\"async\" width=\"769\" height=\"1024\" src=\"https:\/\/desyeuxdesoreilles.com\/wp-content\/uploads\/2026\/04\/img_20260425_2007018480242518778660479-769x1024.jpg\" alt=\"\" class=\"wp-image-2008\" srcset=\"https:\/\/desyeuxdesoreilles.com\/wp-content\/uploads\/2026\/04\/img_20260425_2007018480242518778660479-769x1024.jpg 769w, https:\/\/desyeuxdesoreilles.com\/wp-content\/uploads\/2026\/04\/img_20260425_2007018480242518778660479-225x300.jpg 225w, https:\/\/desyeuxdesoreilles.com\/wp-content\/uploads\/2026\/04\/img_20260425_2007018480242518778660479-113x150.jpg 113w, https:\/\/desyeuxdesoreilles.com\/wp-content\/uploads\/2026\/04\/img_20260425_2007018480242518778660479-768x1023.jpg 768w, https:\/\/desyeuxdesoreilles.com\/wp-content\/uploads\/2026\/04\/img_20260425_2007018480242518778660479-1154x1536.jpg 1154w, https:\/\/desyeuxdesoreilles.com\/wp-content\/uploads\/2026\/04\/img_20260425_2007018480242518778660479.jpg 1502w\" sizes=\"auto, (max-width: 767px) 89vw, (max-width: 1000px) 54vw, (max-width: 1071px) 543px, 580px\" \/><\/figure>\n\n\n\n<figure class=\"wp-block-video\"><video controls src=\"https:\/\/desyeuxdesoreilles.com\/wp-content\/uploads\/2026\/04\/VID_20260427_140735.mp4\"><\/video><\/figure>\n\n\n\n<p>J&rsquo;ai install\u00e9 le meuble frigo (et j&rsquo;ai m\u00eame joint\u00e9 le c\u00f4t\u00e9 plan de travail) puis j&rsquo;y ai coll\u00e9 4 ventilos, tous connect\u00e9s (bient\u00f4t \u00e0 un capteur de temp\u00e9rature) pour que mes frigos meurent pas !<\/p>\n\n\n\n<p>les soudures sont nulles, mais \u00e7a marche.<\/p>\n","protected":false},"excerpt":{"rendered":"<p>J&rsquo;ai install\u00e9 le meuble frigo (et j&rsquo;ai m\u00eame joint\u00e9 le c\u00f4t\u00e9 plan de travail) puis j&rsquo;y ai coll\u00e9 4 ventilos, tous connect\u00e9s (bient\u00f4t \u00e0 un capteur de temp\u00e9rature) pour que mes frigos meurent pas ! les soudures sont nulles, mais \u00e7a marche.<\/p>\n","protected":false},"author":2,"featured_media":0,"comment_status":"closed","ping_status":"","sticky":false,"template":"","format":"standard","meta":{"footnotes":""},"categories":[18],"tags":[],"class_list":["post-2010","post","type-post","status-publish","format-standard","hentry","category-bidouilles-et-bricolages"],"_links":{"self":[{"href":"https:\/\/desyeuxdesoreilles.com\/index.php\/wp-json\/wp\/v2\/posts\/2010","targetHints":{"allow":["GET"]}}],"collection":[{"href":"https:\/\/desyeuxdesoreilles.com\/index.php\/wp-json\/wp\/v2\/posts"}],"about":[{"href":"https:\/\/desyeuxdesoreilles.com\/index.php\/wp-json\/wp\/v2\/types\/post"}],"author":[{"embeddable":true,"href":"https:\/\/desyeuxdesoreilles.com\/index.php\/wp-json\/wp\/v2\/users\/2"}],"replies":[{"embeddable":true,"href":"https:\/\/desyeuxdesoreilles.com\/index.php\/wp-json\/wp\/v2\/comments?post=2010"}],"version-history":[{"count":1,"href":"https:\/\/desyeuxdesoreilles.com\/index.php\/wp-json\/wp\/v2\/posts\/2010\/revisions"}],"predecessor-version":[{"id":2011,"href":"https:\/\/desyeuxdesoreilles.com\/index.php\/wp-json\/wp\/v2\/posts\/2010\/revisions\/2011"}],"wp:attachment":[{"href":"https:\/\/desyeuxdesoreilles.com\/index.php\/wp-json\/wp\/v2\/media?parent=2010"}],"wp:term":[{"taxonomy":"category","embeddable":true,"href":"https:\/\/desyeuxdesoreilles.com\/index.php\/wp-json\/wp\/v2\/categories?post=2010"},{"taxonomy":"post_tag","embeddable":true,"href":"https:\/\/desyeuxdesoreilles.com\/index.php\/wp-json\/wp\/v2\/tags?post=2010"}],"curies":[{"name":"wp","href":"https:\/\/api.w.org\/{rel}","templated":true}]}}